{"id":2,"date":"2021-04-07T18:49:33","date_gmt":"2021-04-07T16:49:33","guid":{"rendered":"http:\/\/test.jeannedarcsaintanselme.com\/?page_id=2"},"modified":"2023-02-27T11:34:19","modified_gmt":"2023-02-27T10:34:19","slug":"accueil-2-2","status":"publish","type":"post","link":"https:\/\/jasab.fr\/index.php\/2021\/04\/07\/accueil-2-2\/","title":{"rendered":"\u00c9cole"},"content":{"rendered":"\n<figure class=\"wp-block-image size-large\"><img loading=\"lazy\" decoding=\"async\" width=\"1024\" height=\"607\" src=\"https:\/\/test.jeannedarcsaintanselme.com\/wp-content\/uploads\/2021\/04\/Ecole_jeanne_darc-1024x607.jpg\" alt=\"\" class=\"wp-image-417\" srcset=\"https:\/\/jasab.fr\/wp-content\/uploads\/2021\/04\/Ecole_jeanne_darc-1024x607.jpg 1024w, https:\/\/jasab.fr\/wp-content\/uploads\/2021\/04\/Ecole_jeanne_darc-300x178.jpg 300w, https:\/\/jasab.fr\/wp-content\/uploads\/2021\/04\/Ecole_jeanne_darc-768x455.jpg 768w, https:\/\/jasab.fr\/wp-content\/uploads\/2021\/04\/Ecole_jeanne_darc-1536x910.jpg 1536w, https:\/\/jasab.fr\/wp-content\/uploads\/2021\/04\/Ecole_jeanne_darc-2048x1213.jpg 2048w\" sizes=\"auto, (max-width: 1024px) 100vw, 1024px\" \/><\/figure>\n\n\n\n<p><\/p>\n\n\n\n<p class=\"has-text-align-center\">Ouvert \u00e0 tous. Soucieux de prendre en compte toutes les dimensions de la personne, l\u2019enseignement catholique \u00e0 Jeanne d\u2019Arc propose \u00e0 chaque \u00e9l\u00e8ve une \u00e9ducation fond\u00e9e sur les valeurs de l\u2019\u00c9vangile dans le respect des orientations de l\u2019\u00c9ducation nationale. L\u2019\u00e9cole accueille les classes maternelles (TPS-PS-MS-GS) et \u00e9l\u00e9mentaires (CP-CE1-CE2-CM1-CM2).<\/p>\n\n\n\n<div style=\"height:50px\" aria-hidden=\"true\" class=\"wp-block-spacer\"><\/div>\n\n\n\n<div class=\"wp-block-buttons is-layout-flex wp-block-buttons-is-layout-flex\">\n<div class=\"wp-block-button aligncenter\"><a class=\"wp-block-button__link has-white-color has-text-color has-background wp-element-button\" href=\"https:\/\/jasab.fr\/wp-content\/uploads\/2023\/02\/Depliant-Ecole.pdf\" style=\"background-color:#259947\"><strong>Documentation \u00c9cole<\/strong> (Maternelle &amp; \u00c9l\u00e9mentaire)<\/a><\/div>\n<\/div>\n\n\n\n<div class=\"wp-block-group\"><div class=\"wp-block-group__inner-container is-layout-flow wp-block-group-is-layout-flow\">\n<div class=\"wp-block-columns is-layout-flex wp-container-core-columns-is-layout-9d6595d7 wp-block-columns-is-layout-flex\">\n<div class=\"wp-block-column is-layout-flow wp-block-column-is-layout-flow\">\n<div class=\"wp-block-columns is-layout-flex wp-container-core-columns-is-layout-9d6595d7 wp-block-columns-is-layout-flex\">\n<div class=\"wp-block-column is-layout-flow wp-block-column-is-layout-flow\">\n<div class=\"wp-block-buttons is-layout-flex wp-block-buttons-is-layout-flex\">\n<div class=\"wp-block-button has-custom-width wp-block-button__width-100\"><a class=\"wp-block-button__link has-white-color has-text-color has-background wp-element-button\" href=\"https:\/\/jasab.fr\/index.php\/maternelles\/\" style=\"background-color:#259947\"><strong>La Maternelle<\/strong><\/a><\/div>\n<\/div>\n<\/div>\n\n\n\n<div class=\"wp-block-column is-layout-flow wp-block-column-is-layout-flow\">\n<div class=\"wp-block-buttons is-layout-flex wp-block-buttons-is-layout-flex\">\n<div class=\"wp-block-button has-custom-width wp-block-button__width-100 is-style-fill\"><a class=\"wp-block-button__link has-white-color has-text-color has-background wp-element-button\" href=\"https:\/\/jasab.fr\/index.php\/2021\/04\/07\/ecole-elementaire\/\" style=\"background-color:#259947\"><strong>La Primaire<\/strong><\/a><\/div>\n<\/div>\n<\/div>\n\n\n\n<div class=\"wp-block-column is-layout-flow wp-block-column-is-layout-flow\">\n<div class=\"wp-block-buttons is-layout-flex wp-block-buttons-is-layout-flex\">\n<div class=\"wp-block-button has-custom-width wp-block-button__width-100 is-style-fill\"><a class=\"wp-block-button__link has-white-color has-text-color has-background wp-element-button\" href=\"https:\/\/jasab.fr\/index.php\/2021\/04\/07\/la-vie-a-lecole-jeanne-darc\/\" style=\"background-color:#259947\"><strong>La vie \u00e0 l&#8217;\u00e9cole<\/strong><\/a><\/div>\n<\/div>\n<\/div>\n<\/div>\n<\/div>\n<\/div>\n<\/div><\/div>\n","protected":false},"excerpt":{"rendered":"<p>Ouvert \u00e0 tous. Soucieux de prendre en compte toutes les dimensions de la personne, l\u2019enseignement catholique \u00e0 Jeanne d\u2019Arc propose \u00e0 chaque \u00e9l\u00e8ve une \u00e9ducation fond\u00e9e sur les valeurs de l\u2019\u00c9vangile dans le respect des orientations de l\u2019\u00c9ducation nationale. L\u2019\u00e9cole accueille les classes maternelles (TPS-PS-MS-GS) et \u00e9l\u00e9mentaires (CP-CE1-CE2-CM1-CM2).<\/p>\n","protected":false},"author":1,"featured_media":0,"comment_status":"closed","ping_status":"closed","sticky":false,"template":"","format":"standard","meta":{"footnotes":""},"categories":[106],"tags":[60,61,62,63,59,56,58,43,57],"class_list":["post-2","post","type-post","status-publish","format-standard","hentry","category-ecole","tag-ce1","tag-ce2","tag-cm1","tag-cm2","tag-cp","tag-ecole","tag-elementaire","tag-enseignement","tag-maternelle"],"_links":{"self":[{"href":"https:\/\/jasab.fr\/index.php\/wp-json\/wp\/v2\/posts\/2","targetHints":{"allow":["GET"]}}],"collection":[{"href":"https:\/\/jasab.fr\/index.php\/wp-json\/wp\/v2\/posts"}],"about":[{"href":"https:\/\/jasab.fr\/index.php\/wp-json\/wp\/v2\/types\/post"}],"author":[{"embeddable":true,"href":"https:\/\/jasab.fr\/index.php\/wp-json\/wp\/v2\/users\/1"}],"replies":[{"embeddable":true,"href":"https:\/\/jasab.fr\/index.php\/wp-json\/wp\/v2\/comments?post=2"}],"version-history":[{"count":22,"href":"https:\/\/jasab.fr\/index.php\/wp-json\/wp\/v2\/posts\/2\/revisions"}],"predecessor-version":[{"id":1549,"href":"https:\/\/jasab.fr\/index.php\/wp-json\/wp\/v2\/posts\/2\/revisions\/1549"}],"wp:attachment":[{"href":"https:\/\/jasab.fr\/index.php\/wp-json\/wp\/v2\/media?parent=2"}],"wp:term":[{"taxonomy":"category","embeddable":true,"href":"https:\/\/jasab.fr\/index.php\/wp-json\/wp\/v2\/categories?post=2"},{"taxonomy":"post_tag","embeddable":true,"href":"https:\/\/jasab.fr\/index.php\/wp-json\/wp\/v2\/tags?post=2"}],"curies":[{"name":"wp","href":"https:\/\/api.w.org\/{rel}","templated":true}]}}